{"id":17149,"date":"2024-06-05T09:24:10","date_gmt":"2024-06-05T07:24:10","guid":{"rendered":"https:\/\/www.cy-laser.com\/?p=17149"},"modified":"2024-06-06T09:54:20","modified_gmt":"2024-06-06T07:54:20","slug":"promozione-estate-laser-fibra-cy-laser","status":"publish","type":"post","link":"https:\/\/www.cy-laser.com\/it\/promozione-estate-laser-fibra-cy-laser\/","title":{"rendered":"Promozione estate laser fibra Cy-laser"},"content":{"rendered":"<p>[et_pb_section fb_built=&#8221;1&#8243; _builder_version=&#8221;4.16&#8243; custom_margin=&#8221;||-36px|||&#8221; global_colors_info=&#8221;{}&#8221;][et_pb_row _builder_version=&#8221;4.16&#8243; min_height=&#8221;246.2px&#8221; custom_margin=&#8221;-18px|auto|-28px|auto||&#8221; global_colors_info=&#8221;{}&#8221;][et_pb_column type=&#8221;4_4&#8243; _builder_version=&#8221;4.16&#8243; global_colors_info=&#8221;{}&#8221;][et_pb_image src=&#8221;https:\/\/www.cy-laser.com\/wp-content\/uploads\/2024\/06\/Promozione-estate-laser-fibra-Cy-laser.png&#8221; alt=&#8221;Promozione estate laser fibra Cy-laser&#8221; title_text=&#8221;Promozione estate laser fibra Cy-laser&#8221; force_fullwidth=&#8221;on&#8221; _builder_version=&#8221;4.25.1&#8243; hover_enabled=&#8221;0&#8243; global_colors_info=&#8221;{}&#8221; sticky_enabled=&#8221;0&#8243;][\/et_pb_image][\/et_pb_column][\/et_pb_row][et_pb_row _builder_version=&#8221;4.16&#8243; background_size=&#8221;initial&#8221; background_position=&#8221;top_left&#8221; background_repeat=&#8221;repeat&#8221; min_height=&#8221;274.8px&#8221; custom_margin=&#8221;|auto|-531px|auto||&#8221; custom_padding=&#8221;||0px|||&#8221; global_colors_info=&#8221;{}&#8221;][et_pb_column type=&#8221;4_4&#8243; _builder_version=&#8221;4.16&#8243; custom_padding=&#8221;|||&#8221; global_colors_info=&#8221;{}&#8221; custom_padding__hover=&#8221;|||&#8221;][et_pb_text _builder_version=&#8221;4.25.1&#8243; background_size=&#8221;initial&#8221; background_position=&#8221;top_left&#8221; background_repeat=&#8221;repeat&#8221; min_height=&#8221;329.1px&#8221; custom_padding=&#8221;||0px|||&#8221; global_colors_info=&#8221;{}&#8221;]<\/p>\n<h1><strong>Cy-laser lancia la promozione estate 2024<\/strong><\/h1>\n<p><strong>Qualit\u00e0 fa rima con opportunit\u00e0!<\/strong> Con questo slogan, Cy-laser vuole offrire un&#8217;opportunit\u00e0 a tutti quei clienti che acquisteranno un laser fibra durante l&#8217;estate.<\/p>\n<p><strong>Fino al prossimo 21 settembre<\/strong>, infatti, l&#8217;azienda metter\u00e0 a disposizione, a un<strong> prezzo <\/strong><strong>speciale<\/strong>,\u00a0tutti i suoi<strong> sistemi di taglio laser a fibra ottica<\/strong> per il taglio di lamiere e tubi <strong>disponibili a magazzino<\/strong>.<strong>\u00a0<\/strong><\/p>\n<p>Approfitta di questa preziosa opportunit\u00e0 per garantirti la qualit\u00e0, l&#8217;affidabilit\u00e0 e la competenza di Cy-laser!<\/p>\n<p>Contattaci alla mail <a href=\"mailto:marketing@cy-laser.com\">marketing@cy-laser.com<\/a> o compila il form nella sezione contatti:<\/p>\n<p><a href=\"https:\/\/www.cy-laser.com\/it\/contatti\/\">https:\/\/www.cy-laser.com\/it\/contatti\/<\/a><\/p>\n<p>&nbsp;<\/p>\n<p>[\/et_pb_text][\/et_pb_column][\/et_pb_row][\/et_pb_section]<\/p>\n","protected":false},"excerpt":{"rendered":"<p>Cy-laser lancia la promozione estate 2024. Fino al 21 settembre, \u00e8 previsto un prezzo speciale per tutti i laser fibra a magazzino.  <\/p>\n","protected":false},"author":5,"featured_media":17153,"comment_status":"closed","ping_status":"open","sticky":false,"template":"","format":"standard","meta":{"_acf_changed":false,"_et_pb_use_builder":"on","_et_pb_old_content":"<p>Dal 6 all'8 febbraio saremo a Pordenone per il tradizionale appuntamento con SamuExpo. Ci troverete nella hall 4 allo stand 17. Vi aspettiamo per anticiparvi novit\u00e0 importanti che riguardano le nostre macchine e l'intero settore. Non mancate!<\/p>","_et_gb_content_width":"","footnotes":""},"categories":[22],"tags":[],"acf":[],"yoast_head":"<!-- This site is optimized with the Yoast SEO plugin v23.5 - https:\/\/yoast.com\/wordpress\/plugins\/seo\/ -->\n<title>Promozione estate laser fibra Cy-laser<\/title>\n<meta name=\"description\" content=\"Cy-laser lancia la promozione estate 2024. Fino al 21 settembre, \u00e8 previsto un prezzo speciale per tutti i laser fibra a magazzino.\" \/>\n<meta name=\"robots\" content=\"index, follow, max-snippet:-1, max-image-preview:large, max-video-preview:-1\" \/>\n<link rel=\"canonical\" href=\"https:\/\/www.cy-laser.com\/it\/promozione-estate-laser-fibra-cy-laser\/\" \/>\n<meta property=\"og:locale\" content=\"it_IT\" \/>\n<meta property=\"og:type\" content=\"article\" \/>\n<meta property=\"og:title\" content=\"Promozione estate laser fibra Cy-laser\" \/>\n<meta property=\"og:description\" content=\"Cy-laser lancia la promozione estate 2024. Fino al 21 settembre, \u00e8 previsto un prezzo speciale per tutti i laser fibra a magazzino.\" \/>\n<meta property=\"og:url\" content=\"https:\/\/www.cy-laser.com\/it\/promozione-estate-laser-fibra-cy-laser\/\" \/>\n<meta property=\"og:site_name\" content=\"CY-Laser Sistemi Taglio Laser in Fibra Ottica\" \/>\n<meta property=\"article:published_time\" content=\"2024-06-05T07:24:10+00:00\" \/>\n<meta property=\"article:modified_time\" content=\"2024-06-06T07:54:20+00:00\" \/>\n<meta property=\"og:image\" content=\"https:\/\/www.cy-laser.com\/wp-content\/uploads\/2024\/06\/Promozione-estate-Cy-laser.png\" \/>\n\t<meta property=\"og:image:width\" content=\"1366\" \/>\n\t<meta property=\"og:image:height\" content=\"768\" \/>\n\t<meta property=\"og:image:type\" content=\"image\/png\" \/>\n<meta name=\"author\" content=\"Patrizia Pietribiasi\" \/>\n<meta name=\"twitter:card\" content=\"summary_large_image\" \/>\n<meta name=\"twitter:label1\" content=\"Scritto da\" \/>\n\t<meta name=\"twitter:data1\" content=\"Patrizia Pietribiasi\" \/>\n\t<meta name=\"twitter:label2\" content=\"Tempo di lettura stimato\" \/>\n\t<meta name=\"twitter:data2\" content=\"2 minuti\" \/>\n<script type=\"application\/ld+json\" class=\"yoast-schema-graph\">{\"@context\":\"https:\/\/schema.org\",\"@graph\":[{\"@type\":\"WebPage\",\"@id\":\"https:\/\/www.cy-laser.com\/it\/promozione-estate-laser-fibra-cy-laser\/\",\"url\":\"https:\/\/www.cy-laser.com\/it\/promozione-estate-laser-fibra-cy-laser\/\",\"name\":\"Promozione estate laser fibra Cy-laser\",\"isPartOf\":{\"@id\":\"https:\/\/www.cy-laser.com\/en\/#website\"},\"primaryImageOfPage\":{\"@id\":\"https:\/\/www.cy-laser.com\/it\/promozione-estate-laser-fibra-cy-laser\/#primaryimage\"},\"image\":{\"@id\":\"https:\/\/www.cy-laser.com\/it\/promozione-estate-laser-fibra-cy-laser\/#primaryimage\"},\"thumbnailUrl\":\"https:\/\/www.cy-laser.com\/wp-content\/uploads\/2024\/06\/Promozione-estate-Cy-laser.png\",\"datePublished\":\"2024-06-05T07:24:10+00:00\",\"dateModified\":\"2024-06-06T07:54:20+00:00\",\"author\":{\"@id\":\"https:\/\/www.cy-laser.com\/en\/#\/schema\/person\/5eea36657dffa4df3bb2bf57cfdfe001\"},\"description\":\"Cy-laser lancia la promozione estate 2024. Fino al 21 settembre, \u00e8 previsto un prezzo speciale per tutti i laser fibra a magazzino.\",\"breadcrumb\":{\"@id\":\"https:\/\/www.cy-laser.com\/it\/promozione-estate-laser-fibra-cy-laser\/#breadcrumb\"},\"inLanguage\":\"it-IT\",\"potentialAction\":[{\"@type\":\"ReadAction\",\"target\":[\"https:\/\/www.cy-laser.com\/it\/promozione-estate-laser-fibra-cy-laser\/\"]}]},{\"@type\":\"ImageObject\",\"inLanguage\":\"it-IT\",\"@id\":\"https:\/\/www.cy-laser.com\/it\/promozione-estate-laser-fibra-cy-laser\/#primaryimage\",\"url\":\"https:\/\/www.cy-laser.com\/wp-content\/uploads\/2024\/06\/Promozione-estate-Cy-laser.png\",\"contentUrl\":\"https:\/\/www.cy-laser.com\/wp-content\/uploads\/2024\/06\/Promozione-estate-Cy-laser.png\",\"width\":1366,\"height\":768,\"caption\":\"Promozione estate Cy-laser laser fibra\"},{\"@type\":\"BreadcrumbList\",\"@id\":\"https:\/\/www.cy-laser.com\/it\/promozione-estate-laser-fibra-cy-laser\/#breadcrumb\",\"itemListElement\":[{\"@type\":\"ListItem\",\"position\":1,\"name\":\"Home\",\"item\":\"https:\/\/www.cy-laser.com\/it\/\"},{\"@type\":\"ListItem\",\"position\":2,\"name\":\"Promozione estate laser fibra Cy-laser\"}]},{\"@type\":\"WebSite\",\"@id\":\"https:\/\/www.cy-laser.com\/en\/#website\",\"url\":\"https:\/\/www.cy-laser.com\/en\/\",\"name\":\"CY-Laser Sistemi Taglio Laser in Fibra Ottica\",\"description\":\"CY-Laser si occupa di Sistemi di Taglio Laser in Fibra Ottica per il taglio di metalli come ferro, ottone, acciao, acciao inox.\",\"potentialAction\":[{\"@type\":\"SearchAction\",\"target\":{\"@type\":\"EntryPoint\",\"urlTemplate\":\"https:\/\/www.cy-laser.com\/en\/?s={search_term_string}\"},\"query-input\":{\"@type\":\"PropertyValueSpecification\",\"valueRequired\":true,\"valueName\":\"search_term_string\"}}],\"inLanguage\":\"it-IT\"},{\"@type\":\"Person\",\"@id\":\"https:\/\/www.cy-laser.com\/en\/#\/schema\/person\/5eea36657dffa4df3bb2bf57cfdfe001\",\"name\":\"Patrizia Pietribiasi\",\"image\":{\"@type\":\"ImageObject\",\"inLanguage\":\"it-IT\",\"@id\":\"https:\/\/www.cy-laser.com\/en\/#\/schema\/person\/image\/\",\"url\":\"https:\/\/secure.gravatar.com\/avatar\/5ba5be204908a1578cd81e69b26c1e4f?s=96&d=mm&r=g\",\"contentUrl\":\"https:\/\/secure.gravatar.com\/avatar\/5ba5be204908a1578cd81e69b26c1e4f?s=96&d=mm&r=g\",\"caption\":\"Patrizia Pietribiasi\"}}]}<\/script>\n<!-- \/ Yoast SEO plugin. -->","yoast_head_json":{"title":"Promozione estate laser fibra Cy-laser","description":"Cy-laser lancia la promozione estate 2024. Fino al 21 settembre, \u00e8 previsto un prezzo speciale per tutti i laser fibra a magazzino.","robots":{"index":"index","follow":"follow","max-snippet":"max-snippet:-1","max-image-preview":"max-image-preview:large","max-video-preview":"max-video-preview:-1"},"canonical":"https:\/\/www.cy-laser.com\/it\/promozione-estate-laser-fibra-cy-laser\/","og_locale":"it_IT","og_type":"article","og_title":"Promozione estate laser fibra Cy-laser","og_description":"Cy-laser lancia la promozione estate 2024. Fino al 21 settembre, \u00e8 previsto un prezzo speciale per tutti i laser fibra a magazzino.","og_url":"https:\/\/www.cy-laser.com\/it\/promozione-estate-laser-fibra-cy-laser\/","og_site_name":"CY-Laser Sistemi Taglio Laser in Fibra Ottica","article_published_time":"2024-06-05T07:24:10+00:00","article_modified_time":"2024-06-06T07:54:20+00:00","og_image":[{"width":1366,"height":768,"url":"https:\/\/www.cy-laser.com\/wp-content\/uploads\/2024\/06\/Promozione-estate-Cy-laser.png","type":"image\/png"}],"author":"Patrizia Pietribiasi","twitter_card":"summary_large_image","twitter_misc":{"Scritto da":"Patrizia Pietribiasi","Tempo di lettura stimato":"2 minuti"},"schema":{"@context":"https:\/\/schema.org","@graph":[{"@type":"WebPage","@id":"https:\/\/www.cy-laser.com\/it\/promozione-estate-laser-fibra-cy-laser\/","url":"https:\/\/www.cy-laser.com\/it\/promozione-estate-laser-fibra-cy-laser\/","name":"Promozione estate laser fibra Cy-laser","isPartOf":{"@id":"https:\/\/www.cy-laser.com\/en\/#website"},"primaryImageOfPage":{"@id":"https:\/\/www.cy-laser.com\/it\/promozione-estate-laser-fibra-cy-laser\/#primaryimage"},"image":{"@id":"https:\/\/www.cy-laser.com\/it\/promozione-estate-laser-fibra-cy-laser\/#primaryimage"},"thumbnailUrl":"https:\/\/www.cy-laser.com\/wp-content\/uploads\/2024\/06\/Promozione-estate-Cy-laser.png","datePublished":"2024-06-05T07:24:10+00:00","dateModified":"2024-06-06T07:54:20+00:00","author":{"@id":"https:\/\/www.cy-laser.com\/en\/#\/schema\/person\/5eea36657dffa4df3bb2bf57cfdfe001"},"description":"Cy-laser lancia la promozione estate 2024. Fino al 21 settembre, \u00e8 previsto un prezzo speciale per tutti i laser fibra a magazzino.","breadcrumb":{"@id":"https:\/\/www.cy-laser.com\/it\/promozione-estate-laser-fibra-cy-laser\/#breadcrumb"},"inLanguage":"it-IT","potentialAction":[{"@type":"ReadAction","target":["https:\/\/www.cy-laser.com\/it\/promozione-estate-laser-fibra-cy-laser\/"]}]},{"@type":"ImageObject","inLanguage":"it-IT","@id":"https:\/\/www.cy-laser.com\/it\/promozione-estate-laser-fibra-cy-laser\/#primaryimage","url":"https:\/\/www.cy-laser.com\/wp-content\/uploads\/2024\/06\/Promozione-estate-Cy-laser.png","contentUrl":"https:\/\/www.cy-laser.com\/wp-content\/uploads\/2024\/06\/Promozione-estate-Cy-laser.png","width":1366,"height":768,"caption":"Promozione estate Cy-laser laser fibra"},{"@type":"BreadcrumbList","@id":"https:\/\/www.cy-laser.com\/it\/promozione-estate-laser-fibra-cy-laser\/#breadcrumb","itemListElement":[{"@type":"ListItem","position":1,"name":"Home","item":"https:\/\/www.cy-laser.com\/it\/"},{"@type":"ListItem","position":2,"name":"Promozione estate laser fibra Cy-laser"}]},{"@type":"WebSite","@id":"https:\/\/www.cy-laser.com\/en\/#website","url":"https:\/\/www.cy-laser.com\/en\/","name":"CY-Laser Sistemi Taglio Laser in Fibra Ottica","description":"CY-Laser si occupa di Sistemi di Taglio Laser in Fibra Ottica per il taglio di metalli come ferro, ottone, acciao, acciao inox.","potentialAction":[{"@type":"SearchAction","target":{"@type":"EntryPoint","urlTemplate":"https:\/\/www.cy-laser.com\/en\/?s={search_term_string}"},"query-input":{"@type":"PropertyValueSpecification","valueRequired":true,"valueName":"search_term_string"}}],"inLanguage":"it-IT"},{"@type":"Person","@id":"https:\/\/www.cy-laser.com\/en\/#\/schema\/person\/5eea36657dffa4df3bb2bf57cfdfe001","name":"Patrizia Pietribiasi","image":{"@type":"ImageObject","inLanguage":"it-IT","@id":"https:\/\/www.cy-laser.com\/en\/#\/schema\/person\/image\/","url":"https:\/\/secure.gravatar.com\/avatar\/5ba5be204908a1578cd81e69b26c1e4f?s=96&d=mm&r=g","contentUrl":"https:\/\/secure.gravatar.com\/avatar\/5ba5be204908a1578cd81e69b26c1e4f?s=96&d=mm&r=g","caption":"Patrizia Pietribiasi"}}]}},"_links":{"self":[{"href":"https:\/\/www.cy-laser.com\/it\/wp-json\/wp\/v2\/posts\/17149"}],"collection":[{"href":"https:\/\/www.cy-laser.com\/it\/wp-json\/wp\/v2\/posts"}],"about":[{"href":"https:\/\/www.cy-laser.com\/it\/wp-json\/wp\/v2\/types\/post"}],"author":[{"embeddable":true,"href":"https:\/\/www.cy-laser.com\/it\/wp-json\/wp\/v2\/users\/5"}],"replies":[{"embeddable":true,"href":"https:\/\/www.cy-laser.com\/it\/wp-json\/wp\/v2\/comments?post=17149"}],"version-history":[{"count":23,"href":"https:\/\/www.cy-laser.com\/it\/wp-json\/wp\/v2\/posts\/17149\/revisions"}],"predecessor-version":[{"id":17193,"href":"https:\/\/www.cy-laser.com\/it\/wp-json\/wp\/v2\/posts\/17149\/revisions\/17193"}],"wp:featuredmedia":[{"embeddable":true,"href":"https:\/\/www.cy-laser.com\/it\/wp-json\/wp\/v2\/media\/17153"}],"wp:attachment":[{"href":"https:\/\/www.cy-laser.com\/it\/wp-json\/wp\/v2\/media?parent=17149"}],"wp:term":[{"taxonomy":"category","embeddable":true,"href":"https:\/\/www.cy-laser.com\/it\/wp-json\/wp\/v2\/categories?post=17149"},{"taxonomy":"post_tag","embeddable":true,"href":"https:\/\/www.cy-laser.com\/it\/wp-json\/wp\/v2\/tags?post=17149"}],"curies":[{"name":"wp","href":"https:\/\/api.w.org\/{rel}","templated":true}]}}